{"id":9590,"date":"2013-09-04T15:54:57","date_gmt":"2013-09-04T14:54:57","guid":{"rendered":"http:\/\/www.huellaspuertollano.es\/?p=9590"},"modified":"2013-09-16T20:34:06","modified_gmt":"2013-09-16T19:34:06","slug":"estaba-perdido-lo-conoces","status":"publish","type":"post","link":"https:\/\/www.huellaspuertollano.es\/?p=9590","title":{"rendered":"Estaba perdido, lo conoces?  encontrados sus due\u00f1os!!!!!"},"content":{"rendered":"<p>Este cocker est\u00e1 p\u00e9rdido, se ha encontrado en la zona del Mercado de Abastos de Puertollano, lleva correa color azul. Si alguien sabe de quien es o puede dar alguna pista que contacte con nosotros.<br \/>\n633278771 \/ adopcioneshuellas@gmail.com<br \/>\n<a href=\"http:\/\/www.huellaspuertollano.es\/wp-content\/uploads\/2013\/09\/1175219_455935407838249_780028575_n.jpg\"><img loading=\"lazy\" decoding=\"async\" src=\"http:\/\/www.huellaspuertollano.es\/wp-content\/uploads\/2013\/09\/1175219_455935407838249_780028575_n.jpg\" alt=\"1175219_455935407838249_780028575_n\" width=\"800\" height=\"600\" class=\"aligncenter size-full wp-image-9591\" srcset=\"https:\/\/www.huellaspuertollano.es\/wp-content\/uploads\/2013\/09\/1175219_455935407838249_780028575_n.jpg 800w, https:\/\/www.huellaspuertollano.es\/wp-content\/uploads\/2013\/09\/1175219_455935407838249_780028575_n-300x225.jpg 300w\" sizes=\"auto, (max-width: 800px) 100vw, 800px\" \/><\/a><\/p>\n<p><a href=\"http:\/\/www.huellaspuertollano.es\/wp-content\/uploads\/2013\/09\/1234960_455935411171582_1333907277_n.jpg\"><img loading=\"lazy\" decoding=\"async\" src=\"http:\/\/www.huellaspuertollano.es\/wp-content\/uploads\/2013\/09\/1234960_455935411171582_1333907277_n.jpg\" alt=\"1234960_455935411171582_1333907277_n\" width=\"800\" height=\"600\" class=\"aligncenter size-full wp-image-9592\" srcset=\"https:\/\/www.huellaspuertollano.es\/wp-content\/uploads\/2013\/09\/1234960_455935411171582_1333907277_n.jpg 800w, https:\/\/www.huellaspuertollano.es\/wp-content\/uploads\/2013\/09\/1234960_455935411171582_1333907277_n-300x225.jpg 300w\" sizes=\"auto, (max-width: 800px) 100vw, 800px\" \/><\/a><\/p>\n","protected":false},"excerpt":{"rendered":"<p>Este cocker est\u00e1 p\u00e9rdido, se ha encontrado en la zona del Mercado de Abastos de Puertollano, lleva correa color azul. Si alguien sabe de quien es o puede dar alguna pista que contacte con nosotros. 633278771 \/ adopcioneshuellas@gmail.com<\/p>\n","protected":false},"author":1,"featured_media":0,"comment_status":"open","ping_status":"open","sticky":false,"template":"","format":"standard","meta":{"footnotes":""},"categories":[28],"tags":[],"class_list":["post-9590","post","type-post","status-publish","format-standard","hentry","category-recuperados"],"_links":{"self":[{"href":"https:\/\/www.huellaspuertollano.es\/index.php?rest_route=\/wp\/v2\/posts\/9590","targetHints":{"allow":["GET"]}}],"collection":[{"href":"https:\/\/www.huellaspuertollano.es\/index.php?rest_route=\/wp\/v2\/posts"}],"about":[{"href":"https:\/\/www.huellaspuertollano.es\/index.php?rest_route=\/wp\/v2\/types\/post"}],"author":[{"embeddable":true,"href":"https:\/\/www.huellaspuertollano.es\/index.php?rest_route=\/wp\/v2\/users\/1"}],"replies":[{"embeddable":true,"href":"https:\/\/www.huellaspuertollano.es\/index.php?rest_route=%2Fwp%2Fv2%2Fcomments&post=9590"}],"version-history":[{"count":7,"href":"https:\/\/www.huellaspuertollano.es\/index.php?rest_route=\/wp\/v2\/posts\/9590\/revisions"}],"predecessor-version":[{"id":9699,"href":"https:\/\/www.huellaspuertollano.es\/index.php?rest_route=\/wp\/v2\/posts\/9590\/revisions\/9699"}],"wp:attachment":[{"href":"https:\/\/www.huellaspuertollano.es\/index.php?rest_route=%2Fwp%2Fv2%2Fmedia&parent=9590"}],"wp:term":[{"taxonomy":"category","embeddable":true,"href":"https:\/\/www.huellaspuertollano.es\/index.php?rest_route=%2Fwp%2Fv2%2Fcategories&post=9590"},{"taxonomy":"post_tag","embeddable":true,"href":"https:\/\/www.huellaspuertollano.es\/index.php?rest_route=%2Fwp%2Fv2%2Ftags&post=9590"}],"curies":[{"name":"wp","href":"https:\/\/api.w.org\/{rel}","templated":true}]}}