{"id":54790,"date":"2011-08-29T14:14:59","date_gmt":"2011-08-29T13:14:59","guid":{"rendered":"https:\/\/www.huellaspuertollano.es\/?p=54790"},"modified":"2025-11-09T21:40:09","modified_gmt":"2025-11-09T20:40:09","slug":"concentracion-antitaurina-vienes-1-de-septiembre-entrada-recinto-ferial","status":"publish","type":"post","link":"https:\/\/www.huellaspuertollano.es\/?p=54790","title":{"rendered":"Concentraci\u00f3n antitaurina vienes 30 de agosto entrada Recinto Ferial"},"content":{"rendered":"<p>&nbsp;<\/p>\n<p>Desde la Protectora Huellas Puertollano queremos expresar nuestro m\u00e1s absoluto y profundo rechazo a la vuelta de las corridas de toros en nuestra localidad.<\/p>\n<p>Tradici\u00f3n barbarie que ya hab\u00eda sido erradica en nuestro Municipio y que ahora de nuevo va a volver si nada lo remedia.<\/p>\n<p>&nbsp;<\/p>\n<p>Es incre\u00edble que se sigan permitiendo <strong>festejos basados en el sufrimiento y angustia<\/strong> de un animal indefenso cuando todas las encuestas dejan clar\u00edsimo el rechazo que hay a la tauromaquia la cual acaba subsistiendo de subvenciones pagadas con dinero p\u00fablico.<\/p>\n<p>&nbsp;<\/p>\n<p>Abogamos porque esta \u201ctradici\u00f3n\u201d aberrante \u00a0no vuelva a nuestro Municipio.<\/p>\n<p>&nbsp;<\/p>\n<p>Os esperamos este viernes 30 de agosto a las 21 h en la entrada la recinto ferial<\/p>\n","protected":false},"excerpt":{"rendered":"<p>&nbsp; Desde la Protectora Huellas Puertollano queremos expresar nuestro m\u00e1s absoluto y profundo rechazo a la vuelta de las corridas de toros en nuestra localidad. Tradici\u00f3n barbarie que ya hab\u00eda sido erradica en nuestro Municipio y que ahora de nuevo&#8230;<br \/><a class=\"read-more-button\" href=\"https:\/\/www.huellaspuertollano.es\/?p=54790\">Leer m\u00e1s<\/a><\/p>\n","protected":false},"author":1,"featured_media":54794,"comment_status":"open","ping_status":"open","sticky":false,"template":"","format":"standard","meta":{"footnotes":""},"categories":[60],"tags":[],"class_list":["post-54790","post","type-post","status-publish","format-standard","has-post-thumbnail","hentry","category-maltrato"],"_links":{"self":[{"href":"https:\/\/www.huellaspuertollano.es\/index.php?rest_route=\/wp\/v2\/posts\/54790","targetHints":{"allow":["GET"]}}],"collection":[{"href":"https:\/\/www.huellaspuertollano.es\/index.php?rest_route=\/wp\/v2\/posts"}],"about":[{"href":"https:\/\/www.huellaspuertollano.es\/index.php?rest_route=\/wp\/v2\/types\/post"}],"author":[{"embeddable":true,"href":"https:\/\/www.huellaspuertollano.es\/index.php?rest_route=\/wp\/v2\/users\/1"}],"replies":[{"embeddable":true,"href":"https:\/\/www.huellaspuertollano.es\/index.php?rest_route=%2Fwp%2Fv2%2Fcomments&post=54790"}],"version-history":[{"count":3,"href":"https:\/\/www.huellaspuertollano.es\/index.php?rest_route=\/wp\/v2\/posts\/54790\/revisions"}],"predecessor-version":[{"id":59201,"href":"https:\/\/www.huellaspuertollano.es\/index.php?rest_route=\/wp\/v2\/posts\/54790\/revisions\/59201"}],"wp:featuredmedia":[{"embeddable":true,"href":"https:\/\/www.huellaspuertollano.es\/index.php?rest_route=\/wp\/v2\/media\/54794"}],"wp:attachment":[{"href":"https:\/\/www.huellaspuertollano.es\/index.php?rest_route=%2Fwp%2Fv2%2Fmedia&parent=54790"}],"wp:term":[{"taxonomy":"category","embeddable":true,"href":"https:\/\/www.huellaspuertollano.es\/index.php?rest_route=%2Fwp%2Fv2%2Fcategories&post=54790"},{"taxonomy":"post_tag","embeddable":true,"href":"https:\/\/www.huellaspuertollano.es\/index.php?rest_route=%2Fwp%2Fv2%2Ftags&post=54790"}],"curies":[{"name":"wp","href":"https:\/\/api.w.org\/{rel}","templated":true}]}}