{"id":468,"date":"2012-04-06T20:28:12","date_gmt":"2012-04-06T19:28:12","guid":{"rendered":"http:\/\/www.huellaspuertollano.es\/?p=468"},"modified":"2013-02-02T11:49:36","modified_gmt":"2013-02-02T10:49:36","slug":"dakar","status":"publish","type":"post","link":"https:\/\/www.huellaspuertollano.es\/?p=468","title":{"rendered":"Dakar   Adoptada"},"content":{"rendered":"<p>Su due\u00f1o ya no le quer\u00eda tener y a trav\u00e9s de varias asociaciones protectoras llego a Madrid con N\u00f3rdicos en Adopci\u00f3n. Fue a residencia ya que no tienen refugio y se hizo lo que se pudo. Dakar parec\u00eda que ten\u00eda problemas de comportamiento con lo que se busc\u00f3 otra soluci\u00f3n. De esta manera Dakar llega con los educadores caninos de Educa-2 a Valladolid. Ya est\u00e1 preparado para darse en adopci\u00f3n, una adopci\u00f3n especial para un due\u00f1o especial. A los interesados se les comentar\u00e1 todo detalladamente.<\/p>\n<p>Dakar lleg\u00f3 a Valladolid el 29-02-2012 y ya est\u00e1 evaluado: se lleva bien con perras, con gatos, con gatas, con ni\u00f1os, con adultos,\u2026 No se lleva genial con perros machos pero tampoco hay un gran problema, depende de quien sea el otro macho. No tira de la correa, no ladra, aulla pero poco ideal para un piso, muy muy limpio ya que no hace nada ni en casa ni en su jaula, algo juguet\u00f3n pero lo que le gusta es estar en casa tumbado y que le rasquen,\u2026<\/p>\n<p>SE BUSCA ADOPCI\u00d3N ESPECIAL PARA DAKAR:<\/p>\n<p>1- NO HAYA PERROS MACHOS EN CASA PREFERIBLEMENTE.<\/p>\n<p>2- EL ADOPTANTE ESTE EN VALLADOLID O MADRID.<\/p>\n<p>3- SEA UN BUEN LIDER DE MANADA, ESPECIALISTA EN N\u00d3RDICOS A PODER SER.<\/p>\n<table>\n<tbody>\n<tr align=\"left\">\n<td style=\"padding-left: 30px;\"><strong>Nombre: <\/strong> Dakar<br \/>\n<strong>Raza: <\/strong> Husky<br \/>\n<strong>Edad: <\/strong> 5 meses aprox<br \/>\n<strong>Sexo: <\/strong> Macho<br \/>\n<strong>Tama\u00f1o: <\/strong>MedianoCONTACTO: 633278771 adopcioneshuellas@gmail.com<\/td>\n<td><a class=\"more-link\" href=\"http:\/\/www.huellaspuertollano.es\/?p=143\"><span>Pincha para Apadrinar<\/span><\/a><a class=\"more-link\" href=\"http:\/\/www.huellaspuertollano.es\/?p=173\"><span>Pincha para Acoger<\/span><\/a><a class=\"more-link\" href=\"http:\/\/www.huellaspuertollano.es\/?p=1444\"><span>Pincha para Adoptar<\/span><\/a><\/td>\n<\/tr>\n<\/tbody>\n<\/table>\n<p><img loading=\"lazy\" decoding=\"async\" class=\"aligncenter\" src=\"http:\/\/a4.sphotos.ak.fbcdn.net\/hphotos-ak-prn1\/561769_334740106582796_277005182356289_952668_1332119476_n.jpg\" alt=\"\" width=\"614\" height=\"461\" \/><br \/>\n<img loading=\"lazy\" decoding=\"async\" class=\"aligncenter\" src=\"http:\/\/a3.sphotos.ak.fbcdn.net\/hphotos-ak-ash3\/539271_334740303249443_277005182356289_952673_1364556292_n.jpg\" alt=\"\" width=\"614\" height=\"461\" \/><\/p>\n<p>M\u00e1s fotos preciosas de este angelito, e informaci\u00f3n detallada de su estado de salud, lo podeis consultar <a href=\"http:\/\/www.facebook.com\/media\/set\/?set=a.334739906582816.78111.277005182356289&amp;type=3&amp;fb_source=message\" target=\"_blank\">aqu\u00ed<\/a><\/p>\n<p>Contacto: contacto@nordicosenadopcion.com<br \/>\ninfo@educa-2.com<br \/>\n<a href=\"http:\/\/www.facebook.com\/events\/325345707504125\/\" rel=\"nofollow\" target=\"_blank\">http:\/\/www.facebook.com\/events\/325345707504125\/<\/a><\/p>\n","protected":false},"excerpt":{"rendered":"<p>Su due\u00f1o ya no le quer\u00eda tener y a trav\u00e9s de varias asociaciones protectoras llego a Madrid con N\u00f3rdicos en Adopci\u00f3n. Fue a residencia ya que no tienen refugio y se hizo lo que se pudo. Dakar parec\u00eda que ten\u00eda&#8230;<br \/><a class=\"read-more-button\" href=\"https:\/\/www.huellaspuertollano.es\/?p=468\">Leer m\u00e1s<\/a><\/p>\n","protected":false},"author":2,"featured_media":477,"comment_status":"open","ping_status":"open","sticky":false,"template":"","format":"standard","meta":{"footnotes":""},"categories":[3],"tags":[],"class_list":["post-468","post","type-post","status-publish","format-standard","has-post-thumbnail","hentry","category-finales-felices"],"_links":{"self":[{"href":"https:\/\/www.huellaspuertollano.es\/index.php?rest_route=\/wp\/v2\/posts\/468","targetHints":{"allow":["GET"]}}],"collection":[{"href":"https:\/\/www.huellaspuertollano.es\/index.php?rest_route=\/wp\/v2\/posts"}],"about":[{"href":"https:\/\/www.huellaspuertollano.es\/index.php?rest_route=\/wp\/v2\/types\/post"}],"author":[{"embeddable":true,"href":"https:\/\/www.huellaspuertollano.es\/index.php?rest_route=\/wp\/v2\/users\/2"}],"replies":[{"embeddable":true,"href":"https:\/\/www.huellaspuertollano.es\/index.php?rest_route=%2Fwp%2Fv2%2Fcomments&post=468"}],"version-history":[{"count":16,"href":"https:\/\/www.huellaspuertollano.es\/index.php?rest_route=\/wp\/v2\/posts\/468\/revisions"}],"predecessor-version":[{"id":6308,"href":"https:\/\/www.huellaspuertollano.es\/index.php?rest_route=\/wp\/v2\/posts\/468\/revisions\/6308"}],"wp:featuredmedia":[{"embeddable":true,"href":"https:\/\/www.huellaspuertollano.es\/index.php?rest_route=\/wp\/v2\/media\/477"}],"wp:attachment":[{"href":"https:\/\/www.huellaspuertollano.es\/index.php?rest_route=%2Fwp%2Fv2%2Fmedia&parent=468"}],"wp:term":[{"taxonomy":"category","embeddable":true,"href":"https:\/\/www.huellaspuertollano.es\/index.php?rest_route=%2Fwp%2Fv2%2Fcategories&post=468"},{"taxonomy":"post_tag","embeddable":true,"href":"https:\/\/www.huellaspuertollano.es\/index.php?rest_route=%2Fwp%2Fv2%2Ftags&post=468"}],"curies":[{"name":"wp","href":"https:\/\/api.w.org\/{rel}","templated":true}]}}