{"id":26495,"date":"2011-03-08T18:07:02","date_gmt":"2011-03-08T17:07:02","guid":{"rendered":"http:\/\/www.huellaspuertollano.es\/?p=26495"},"modified":"2018-07-18T15:05:02","modified_gmt":"2018-07-18T14:05:02","slug":"bish-recogido-en-un-contenedor","status":"publish","type":"post","link":"https:\/\/www.huellaspuertollano.es\/?p=26495","title":{"rendered":"BISH recogido en un contenedor ( adoptado)"},"content":{"rendered":"<p>8 marzo 2018<\/p>\n<p><span id=\"fbPhotoSnowliftCaption\" class=\"fbPhotosPhotoCaption\" tabindex=\"0\" data-ft=\"{\"><span class=\"hasCaption\">Esta ma\u00f1ana nos tra\u00eda al albergue a este peque\u00f1o la Polic\u00eda Local de Puertollano, es un cachorro de tan s\u00f3lo 2 meses que ya ha sufrido el abandono. Hab\u00eda sido encontrado en un contenedor.<br \/>\nYa tiene acogida cuando pasen los d\u00edas de cuarentena se dar\u00e1 en adopci\u00f3n.<\/span><\/span><\/p>\n<p><img loading=\"lazy\" decoding=\"async\" class=\"size-full wp-image-26496\" src=\"http:\/\/www.huellaspuertollano.es\/wp-content\/uploads\/2018\/03\/28660445_1868419409848497_1906773704064143131_n.jpg\" alt=\"28660445_1868419409848497_1906773704064143131_n\" width=\"960\" height=\"720\" srcset=\"https:\/\/www.huellaspuertollano.es\/wp-content\/uploads\/2018\/03\/28660445_1868419409848497_1906773704064143131_n.jpg 960w, https:\/\/www.huellaspuertollano.es\/wp-content\/uploads\/2018\/03\/28660445_1868419409848497_1906773704064143131_n-300x225.jpg 300w\" sizes=\"auto, (max-width: 960px) 100vw, 960px\" \/><img loading=\"lazy\" decoding=\"async\" class=\"wp-image-26497 size-full\" src=\"http:\/\/www.huellaspuertollano.es\/wp-content\/uploads\/2018\/03\/28661154_1868419253181846_3428364533036964046_n.jpg\" alt=\"28661154_1868419253181846_3428364533036964046_n\" width=\"720\" height=\"960\" srcset=\"https:\/\/www.huellaspuertollano.es\/wp-content\/uploads\/2018\/03\/28661154_1868419253181846_3428364533036964046_n.jpg 720w, https:\/\/www.huellaspuertollano.es\/wp-content\/uploads\/2018\/03\/28661154_1868419253181846_3428364533036964046_n-225x300.jpg 225w\" sizes=\"auto, (max-width: 720px) 100vw, 720px\" \/><img loading=\"lazy\" decoding=\"async\" class=\"wp-image-26498 size-full\" src=\"http:\/\/www.huellaspuertollano.es\/wp-content\/uploads\/2018\/03\/28685210_1868419299848508_7980630171376798396_n.jpg\" alt=\"28685210_1868419299848508_7980630171376798396_n\" width=\"720\" height=\"960\" srcset=\"https:\/\/www.huellaspuertollano.es\/wp-content\/uploads\/2018\/03\/28685210_1868419299848508_7980630171376798396_n.jpg 720w, https:\/\/www.huellaspuertollano.es\/wp-content\/uploads\/2018\/03\/28685210_1868419299848508_7980630171376798396_n-225x300.jpg 225w\" sizes=\"auto, (max-width: 720px) 100vw, 720px\" \/><img loading=\"lazy\" decoding=\"async\" class=\"wp-image-26499 size-full\" src=\"http:\/\/www.huellaspuertollano.es\/wp-content\/uploads\/2018\/03\/28870617_1868419356515169_8536025869807081958_n.jpg\" alt=\"28870617_1868419356515169_8536025869807081958_n\" width=\"720\" height=\"960\" srcset=\"https:\/\/www.huellaspuertollano.es\/wp-content\/uploads\/2018\/03\/28870617_1868419356515169_8536025869807081958_n.jpg 720w, https:\/\/www.huellaspuertollano.es\/wp-content\/uploads\/2018\/03\/28870617_1868419356515169_8536025869807081958_n-225x300.jpg 225w\" sizes=\"auto, (max-width: 720px) 100vw, 720px\" \/><\/p>\n","protected":false},"excerpt":{"rendered":"<p>8 marzo 2018 Esta ma\u00f1ana nos tra\u00eda al albergue a este peque\u00f1o la Polic\u00eda Local de Puertollano, es un cachorro de tan s\u00f3lo 2 meses que ya ha sufrido el abandono. Hab\u00eda sido encontrado en un contenedor. Ya tiene acogida&#8230;<br \/><a class=\"read-more-button\" href=\"https:\/\/www.huellaspuertollano.es\/?p=26495\">Leer m\u00e1s<\/a><\/p>\n","protected":false},"author":1,"featured_media":26496,"comment_status":"open","ping_status":"open","sticky":false,"template":"","format":"standard","meta":{"footnotes":""},"categories":[3],"tags":[],"class_list":["post-26495","post","type-post","status-publish","format-standard","has-post-thumbnail","hentry","category-finales-felices"],"_links":{"self":[{"href":"https:\/\/www.huellaspuertollano.es\/index.php?rest_route=\/wp\/v2\/posts\/26495","targetHints":{"allow":["GET"]}}],"collection":[{"href":"https:\/\/www.huellaspuertollano.es\/index.php?rest_route=\/wp\/v2\/posts"}],"about":[{"href":"https:\/\/www.huellaspuertollano.es\/index.php?rest_route=\/wp\/v2\/types\/post"}],"author":[{"embeddable":true,"href":"https:\/\/www.huellaspuertollano.es\/index.php?rest_route=\/wp\/v2\/users\/1"}],"replies":[{"embeddable":true,"href":"https:\/\/www.huellaspuertollano.es\/index.php?rest_route=%2Fwp%2Fv2%2Fcomments&post=26495"}],"version-history":[{"count":4,"href":"https:\/\/www.huellaspuertollano.es\/index.php?rest_route=\/wp\/v2\/posts\/26495\/revisions"}],"predecessor-version":[{"id":28576,"href":"https:\/\/www.huellaspuertollano.es\/index.php?rest_route=\/wp\/v2\/posts\/26495\/revisions\/28576"}],"wp:featuredmedia":[{"embeddable":true,"href":"https:\/\/www.huellaspuertollano.es\/index.php?rest_route=\/wp\/v2\/media\/26496"}],"wp:attachment":[{"href":"https:\/\/www.huellaspuertollano.es\/index.php?rest_route=%2Fwp%2Fv2%2Fmedia&parent=26495"}],"wp:term":[{"taxonomy":"category","embeddable":true,"href":"https:\/\/www.huellaspuertollano.es\/index.php?rest_route=%2Fwp%2Fv2%2Fcategories&post=26495"},{"taxonomy":"post_tag","embeddable":true,"href":"https:\/\/www.huellaspuertollano.es\/index.php?rest_route=%2Fwp%2Fv2%2Ftags&post=26495"}],"curies":[{"name":"wp","href":"https:\/\/api.w.org\/{rel}","templated":true}]}}