{"id":18403,"date":"2011-02-21T00:03:40","date_gmt":"2011-02-20T23:03:40","guid":{"rendered":"http:\/\/www.huellaspuertollano.es\/?p=18403"},"modified":"2023-03-10T23:10:35","modified_gmt":"2023-03-10T22:10:35","slug":"maltrato-acciones-de-la-protectora-huellas-puertollano-y-reunion-con-alcaldesa-y-concejala-de-medio-ambiente","status":"publish","type":"post","link":"https:\/\/www.huellaspuertollano.es\/?p=18403","title":{"rendered":"MALTRATO: ACCIONES DE LA PROTECTORA HUELLAS PUERTOLLANO Y REUNI\u00d3N CON ALCALDESA Y CONCEJALA DE MEDIO AMBIENTE"},"content":{"rendered":"<p>21 febrero 2016<\/p>\n<p>Llevamos unas semanas con varios casos de maltrato en la ciudad, la Protectora Huellas Puertollano ha hecho con los escasos medios con los que cuenta todo lo que ha podido, ha denunciado tambi\u00e9n a la Polic\u00eda, ha enviado a los medios de comunicaci\u00f3n estos casos y ha creado una petici\u00f3n en change.org hace 4 d\u00edas (que ya va por 5.000 firmas de todos lados, Espa\u00f1a, Francia, Holanda, Italia&#8230;), pidiendo a Ayuntamiento, Polic\u00eda, Seprona y Jueces , que se encuentre y castigue a los culpables.<br \/>\nTambi\u00e9n hoy d\u00eda 16 de febrero, nos hemos reunido con car\u00e1cter de urgencia con La Alcaldesa de Puertollano y la Concejala de Medio Ambiente, las cuales est\u00e1n tambi\u00e9n muy consternadas por lo acontecido en Puertollano y dispuestas a actuar tambi\u00e9n para\u00a0 perseguir y acabar con el maltrato animal.<br \/>\nAs\u00ed, vamos a trabajar junto con el Ayuntamiento, y estamos elaborando un paquete de medidas, entre las que destacamos: dar charlas en institutos y colegios para concienciar a la poblaci\u00f3n sobre el maltrato animal, elaborar material did\u00e1ctico, campa\u00f1as de control de microchip, se va a comenzar con las campa\u00f1as CES (Captura-Esterilizaci\u00f3n-Suelta) de gatos callejeros, medidas policiales., etc.<\/p>\n<p>Tanto el Ayuntamiento como nosotros vamos a poner todos los medios posibles\u00a0 para acabar con el maltrato, e iremos concretando m\u00e1s medidas en diversas reuniones.<\/p>\n<p>Venga PUERTOLLANO, vamos a movilizarnos Y ERRADICAR ENTRE TODOS EL MALTRATO ANIMAL EN NUESTRA CIUDAD.<\/p>\n","protected":false},"excerpt":{"rendered":"<p>21 febrero 2016 Llevamos unas semanas con varios casos de maltrato en la ciudad, la Protectora Huellas Puertollano ha hecho con los escasos medios con los que cuenta todo lo que ha podido, ha denunciado tambi\u00e9n a la Polic\u00eda, ha&#8230;<br \/><a class=\"read-more-button\" href=\"https:\/\/www.huellaspuertollano.es\/?p=18403\">Leer m\u00e1s<\/a><\/p>\n","protected":false},"author":1,"featured_media":0,"comment_status":"open","ping_status":"open","sticky":false,"template":"","format":"standard","meta":{"footnotes":""},"categories":[60],"tags":[],"class_list":["post-18403","post","type-post","status-publish","format-standard","hentry","category-maltrato"],"_links":{"self":[{"href":"https:\/\/www.huellaspuertollano.es\/index.php?rest_route=\/wp\/v2\/posts\/18403","targetHints":{"allow":["GET"]}}],"collection":[{"href":"https:\/\/www.huellaspuertollano.es\/index.php?rest_route=\/wp\/v2\/posts"}],"about":[{"href":"https:\/\/www.huellaspuertollano.es\/index.php?rest_route=\/wp\/v2\/types\/post"}],"author":[{"embeddable":true,"href":"https:\/\/www.huellaspuertollano.es\/index.php?rest_route=\/wp\/v2\/users\/1"}],"replies":[{"embeddable":true,"href":"https:\/\/www.huellaspuertollano.es\/index.php?rest_route=%2Fwp%2Fv2%2Fcomments&post=18403"}],"version-history":[{"count":4,"href":"https:\/\/www.huellaspuertollano.es\/index.php?rest_route=\/wp\/v2\/posts\/18403\/revisions"}],"predecessor-version":[{"id":52444,"href":"https:\/\/www.huellaspuertollano.es\/index.php?rest_route=\/wp\/v2\/posts\/18403\/revisions\/52444"}],"wp:attachment":[{"href":"https:\/\/www.huellaspuertollano.es\/index.php?rest_route=%2Fwp%2Fv2%2Fmedia&parent=18403"}],"wp:term":[{"taxonomy":"category","embeddable":true,"href":"https:\/\/www.huellaspuertollano.es\/index.php?rest_route=%2Fwp%2Fv2%2Fcategories&post=18403"},{"taxonomy":"post_tag","embeddable":true,"href":"https:\/\/www.huellaspuertollano.es\/index.php?rest_route=%2Fwp%2Fv2%2Ftags&post=18403"}],"curies":[{"name":"wp","href":"https:\/\/api.w.org\/{rel}","templated":true}]}}