{"id":14560,"date":"2011-02-18T22:25:45","date_gmt":"2011-02-18T21:25:45","guid":{"rendered":"http:\/\/www.huellaspuertollano.es\/?p=14560"},"modified":"2018-10-31T12:20:21","modified_gmt":"2018-10-31T11:20:21","slug":"daeyrs","status":"publish","type":"post","link":"https:\/\/www.huellaspuertollano.es\/?p=14560","title":{"rendered":"DAEYRS   fallecida"},"content":{"rendered":"<div id=\"album_header_pagelet\" class=\"_5h60\" data-referrer=\"album_header_pagelet\">\n<div class=\"fbPhotoAlbumHeader fbPhotoAlbumOptionsPresent\">\n<div class=\"fbPhotoCaption fbPhotoAlbumHeaderText\">18 febreo 2015<\/div>\n<div><\/div>\n<div class=\"fbPhotoCaption fbPhotoAlbumHeaderText\">Se entrega con contrato de adopci\u00f3n y esterilizada<\/div>\n<div class=\"fbPhotoCaption fbPhotoAlbumHeaderText\">\n<div class=\"fbPhotoCaption fbPhotoAlbumHeaderText\"><\/div>\n<p><span class=\"fbPhotoCaptionText\"><span class=\"fbPhotoCaptionText\"><img loading=\"lazy\" decoding=\"async\" class=\"aligncenter size-full wp-image-14561\" src=\"http:\/\/www.huellaspuertollano.es\/wp-content\/uploads\/2015\/02\/10487608_827095467314235_117893884142540414_n.jpg\" alt=\"10487608_827095467314235_117893884142540414_n\" width=\"753\" height=\"960\" srcset=\"https:\/\/www.huellaspuertollano.es\/wp-content\/uploads\/2015\/02\/10487608_827095467314235_117893884142540414_n.jpg 753w, https:\/\/www.huellaspuertollano.es\/wp-content\/uploads\/2015\/02\/10487608_827095467314235_117893884142540414_n-235x300.jpg 235w\" sizes=\"auto, (max-width: 753px) 100vw, 753px\" \/>Nombre : Daerys.<br \/>\nSexo: Hembra.<br \/>\nRaza: Mestiza.<br \/>\nEdad: Joven ( A\u00f1o 2013).<br \/>\nTama\u00f1o: Mediano.<\/span><\/span>Daerys fue recogida en la calle, muy asustada pero tenia buen aspecto, parec\u00eda perdida pero nadie la ha reclamado. ahora busca una buena adopci\u00f3n. Es una perra t\u00edmida pero le gusta que le den cari\u00f1o, es activa,convive con otra hembra y no tiene problemas con ella.Contacto: adopcioneshuellas@gmail.co<wbr \/>m<br \/>\nFormulario interesados: <a href=\"http:\/\/l.facebook.com\/l.php?u=http%3A%2F%2Fwww.huellaspuertollano.es%2F%3Fpage_id%3D1444&amp;h=uAQEPXd5C&amp;s=1\" target=\"_blank\" rel=\"nofollow nofollow noopener\">http:\/\/<wbr \/>www.huellaspuertollano.es\/<wbr \/>?page_id=1444<\/a><\/p>\n<\/div>\n<div class=\"fbPhotoCaption fbPhotoAlbumHeaderText\"><img loading=\"lazy\" decoding=\"async\" class=\"aligncenter size-full wp-image-14561\" src=\"http:\/\/www.huellaspuertollano.es\/wp-content\/uploads\/2015\/02\/10487608_827095467314235_117893884142540414_n.jpg\" alt=\"10487608_827095467314235_117893884142540414_n\" width=\"753\" height=\"960\" srcset=\"https:\/\/www.huellaspuertollano.es\/wp-content\/uploads\/2015\/02\/10487608_827095467314235_117893884142540414_n.jpg 753w, https:\/\/www.huellaspuertollano.es\/wp-content\/uploads\/2015\/02\/10487608_827095467314235_117893884142540414_n-235x300.jpg 235w\" sizes=\"auto, (max-width: 753px) 100vw, 753px\" \/> <img loading=\"lazy\" decoding=\"async\" class=\"aligncenter size-full wp-image-14562\" src=\"http:\/\/www.huellaspuertollano.es\/wp-content\/uploads\/2015\/02\/10488308_827095480647567_7127522744185912823_n.jpg\" alt=\"10488308_827095480647567_7127522744185912823_n\" width=\"960\" height=\"521\" srcset=\"https:\/\/www.huellaspuertollano.es\/wp-content\/uploads\/2015\/02\/10488308_827095480647567_7127522744185912823_n.jpg 960w, https:\/\/www.huellaspuertollano.es\/wp-content\/uploads\/2015\/02\/10488308_827095480647567_7127522744185912823_n-300x162.jpg 300w\" sizes=\"auto, (max-width: 960px) 100vw, 960px\" \/><\/div>\n<\/div>\n<div id=\"bulk_tag_selector_container\" class=\"mts fbPhotoAlbumBulkTagger\"><\/div>\n<\/div>\n<div id=\"album_pending_photos_pagelet\" class=\"_5h60\" data-referrer=\"album_pending_photos_pagelet\"><\/div>\n","protected":false},"excerpt":{"rendered":"<p>18 febreo 2015 Se entrega con contrato de adopci\u00f3n y esterilizada Nombre : Daerys. Sexo: Hembra. Raza: Mestiza. Edad: Joven ( A\u00f1o 2013). Tama\u00f1o: Mediano.Daerys fue recogida en la calle, muy asustada pero tenia buen aspecto, parec\u00eda perdida pero nadie&#8230;<br \/><a class=\"read-more-button\" href=\"https:\/\/www.huellaspuertollano.es\/?p=14560\">Leer m\u00e1s<\/a><\/p>\n","protected":false},"author":1,"featured_media":14561,"comment_status":"open","ping_status":"open","sticky":false,"template":"","format":"standard","meta":{"footnotes":""},"categories":[62],"tags":[],"class_list":["post-14560","post","type-post","status-publish","format-standard","has-post-thumbnail","hentry","category-fallecidos"],"_links":{"self":[{"href":"https:\/\/www.huellaspuertollano.es\/index.php?rest_route=\/wp\/v2\/posts\/14560","targetHints":{"allow":["GET"]}}],"collection":[{"href":"https:\/\/www.huellaspuertollano.es\/index.php?rest_route=\/wp\/v2\/posts"}],"about":[{"href":"https:\/\/www.huellaspuertollano.es\/index.php?rest_route=\/wp\/v2\/types\/post"}],"author":[{"embeddable":true,"href":"https:\/\/www.huellaspuertollano.es\/index.php?rest_route=\/wp\/v2\/users\/1"}],"replies":[{"embeddable":true,"href":"https:\/\/www.huellaspuertollano.es\/index.php?rest_route=%2Fwp%2Fv2%2Fcomments&post=14560"}],"version-history":[{"count":6,"href":"https:\/\/www.huellaspuertollano.es\/index.php?rest_route=\/wp\/v2\/posts\/14560\/revisions"}],"predecessor-version":[{"id":30320,"href":"https:\/\/www.huellaspuertollano.es\/index.php?rest_route=\/wp\/v2\/posts\/14560\/revisions\/30320"}],"wp:featuredmedia":[{"embeddable":true,"href":"https:\/\/www.huellaspuertollano.es\/index.php?rest_route=\/wp\/v2\/media\/14561"}],"wp:attachment":[{"href":"https:\/\/www.huellaspuertollano.es\/index.php?rest_route=%2Fwp%2Fv2%2Fmedia&parent=14560"}],"wp:term":[{"taxonomy":"category","embeddable":true,"href":"https:\/\/www.huellaspuertollano.es\/index.php?rest_route=%2Fwp%2Fv2%2Fcategories&post=14560"},{"taxonomy":"post_tag","embeddable":true,"href":"https:\/\/www.huellaspuertollano.es\/index.php?rest_route=%2Fwp%2Fv2%2Ftags&post=14560"}],"curies":[{"name":"wp","href":"https:\/\/api.w.org\/{rel}","templated":true}]}}